{"id":48905,"date":"2025-11-11T12:08:59","date_gmt":"2025-11-11T17:08:59","guid":{"rendered":"https:\/\/www.presbyterianfoundation.org\/?p=48905"},"modified":"2025-11-04T11:41:08","modified_gmt":"2025-11-04T16:41:08","slug":"purple-church-red-state-navegar-por-la-administracion-en-una-epoca-de-polarizacion","status":"publish","type":"post","link":"https:\/\/www.presbyterianfoundation.org\/es\/resources\/news\/purple-church-red-state-navigating-stewardship-in-an-age-of-polarization\/","title":{"rendered":"Iglesia p\u00farpura, Estado rojo: La administraci\u00f3n en la era de la polarizaci\u00f3n"},"content":{"rendered":"<p>El Rev. Greg Allen-Picket abri\u00f3 su taller en el Caleidoscopio de la Corresponsabilidad de este a\u00f1o pidiendo a los asistentes que compartieran sus observaciones sobre el clima pol\u00edtico en sus propias congregaciones. <a href=\"https:\/\/stewardshipkaleidoscope.org\/\">Caleidoscopio de la administraci\u00f3n<\/a> es una conferencia presentada por la\u00a0<a href=\"http:\/\/www.pcusa.org\/\">Iglesia Presbiteriana (EE.UU.)<\/a>) y\u00a0<a href=\"http:\/\/www.elca.org\/\">Iglesia Evang\u00e9lica Luterana en Am\u00e9rica<\/a>; la conferencia de este a\u00f1o se celebr\u00f3 en Nueva Orleans, LA, del 22 al 24 de septiembre de 2025.<\/p>\n<p>Su pregunta produjo una letan\u00eda de frustraci\u00f3n, ansiedad y consternaci\u00f3n por parte de pastores y l\u00edderes eclesi\u00e1sticos.<\/p>\n<p>Entre las respuestas:<\/p>\n<ul>\n<li>\u201cDe repente todo es pol\u00edtica\u201d.\u201d<\/li>\n<li>\u201cNo hay nada que pueda decir que no sea visto por alguien como pol\u00edtico\u201d.\u201d<\/li>\n<li>\u201cTodo lo que digo es examinado en busca de una agenda oculta\u201d.\u201d<\/li>\n<li>\u201cNunca s\u00e9 qu\u00e9 esperar en un d\u00eda determinado\u201d.\u201d<\/li>\n<li>\u201cHay una mentalidad de ellos\/nosotros en mi congregaci\u00f3n\u201d.\u201d<\/li>\n<\/ul>\n<p>\u201cLa pol\u00edtica y la fe chocan en nuestros bancos como no lo hab\u00edan hecho en los \u00faltimos tiempos\u201d, coincidi\u00f3 Allen-Pickett, que se refiri\u00f3 a la escisi\u00f3n de la Iglesia Presbiteriana durante la Guerra Civil como comparaci\u00f3n hist\u00f3rica. \u201cIncluso hay diferentes versiones de lo que nuestros d\u00f3lares de mayordom\u00eda deben financiar\u201d.\u201d<\/p>\n<p>Pero Allen-Pickett, pastor de la Primera Iglesia Presbiteriana de Hastings, Nebraska, dijo a los asistentes al taller que hay esperanza para los mensajes de mayordom\u00eda en un momento de divisi\u00f3n pol\u00edtica en la sociedad y en la iglesia. El p\u00farpura, se\u00f1al\u00f3, puede utilizarse para describir congregaciones cuyos miembros reflejan toda la gama de opiniones pol\u00edticas, pero tambi\u00e9n es el color lit\u00fargico de las dos estaciones del calendario eclesi\u00e1stico que se centran en Cristo: el Adviento y la Cuaresma. \u201cAl centrarnos en la vida y el ministerio de Cristo, hemos podido mantener conversaciones sobre pol\u00edtica dentro de la palabra, la vida, la muerte y la resurrecci\u00f3n de Jes\u00fas\u201d, afirm\u00f3.<\/p>\n<p>Allen-Pickett comparti\u00f3 historias de su iglesia para ilustrar esa pr\u00e1ctica. Un miembro de la congregaci\u00f3n que forma parte de la junta de gobierno local le visit\u00f3 con la noticia de una propuesta para exhibir la frase \u201cIn God We Trust\u201d (En Dios confiamos) en el palacio de justicia y para solicitar el apoyo de Allen-Pickett. \u201cLe dije que no me parec\u00eda una buena idea\u201d, afirma. \u201cCreo que se escandaliz\u00f3, pero mantuvimos una conversaci\u00f3n al respecto\u201d. Al d\u00eda siguiente, otra miembro vino a expresar su desacuerdo con la propuesta, citando la oposici\u00f3n de su marido ateo; \u00e9l tambi\u00e9n hab\u00eda servido en el ej\u00e9rcito y se sent\u00eda firmemente partidario de la separaci\u00f3n de Iglesia y Estado.<\/p>\n<p>\u201cAs\u00ed que tengo a dos miembros de mi congregaci\u00f3n en lados opuestos de un asunto local muy cargado\u201d, dijo Allen-Pickett. \u201cAcab\u00e9 mediando en una conversaci\u00f3n entre ellos para intentar llegar a un entendimiento. Fue dif\u00edcil, pero intent\u00e9 dar ejemplo de di\u00e1logo civilizado. Ambos siguen sentados en los bancos y cantan los mismos himnos los domingos por la ma\u00f1ana\u201d.\u201d<\/p>\n<p>Comparti\u00f3 otra ilustraci\u00f3n sobre la larga relaci\u00f3n de su iglesia con los Servicios Sociales Cat\u00f3licos. Todos los veranos, durante un mes, los miembros de la iglesia preparan bocadillos y empaquetan bolsas de comida. El programa es popular y cuenta con una gran asistencia. \u201cPodemos no estar de acuerdo en c\u00f3mo hay que alimentar a los ni\u00f1os, pero no vamos a dejar de hacerlo\u201d, dijo. \u201cCuando tienes las manos cubiertas de mantequilla de cacahuete y mermelada, es dif\u00edcil tener peleas\u201d.\u201d<\/p>\n<p>Finalmente, como parte de la planificaci\u00f3n de la campa\u00f1a de capital, se enter\u00f3 de que \u201cincluso los paneles solares pueden ser pol\u00edticos\u201d. Un profesor de ecoteolog\u00eda jubilado del cercano Hastings College abog\u00f3 por instalar dichos paneles en el tejado de la iglesia como acto de responsabilidad medioambiental. La propuesta se encontr\u00f3 con la resistencia de algunos miembros de la iglesia hasta que un miembro \u201cconservador\u201d que hab\u00eda instalado paneles en su caba\u00f1a de fin de semana pregon\u00f3 los beneficios econ\u00f3micos.<\/p>\n<p>\u201cEste doble enfoque gener\u00f3 apoyo en todos los \u00e1mbitos pol\u00edticos\u201d, explic\u00f3 Allen-Pickett. \u201cLa iglesia se lo crey\u00f3, y somos uno de los dos edificios de la ciudad con paneles solares\u201d.\u201d<\/p>\n<p>La corresponsabilidad, por tanto, incluye los dones financieros y tangibles que Dios nos ha confiado, pero tambi\u00e9n las relaciones que Dios nos llama a construir unos con otros. Se trata, dijo Allen-Pickett, \u201cde nuestras propias vidas y de c\u00f3mo decidimos vivirlas. Se trata de c\u00f3mo hacer de nuestras vidas una ofrenda viva a Dios\u201d.\u201d<\/p>\n<p>Ofreci\u00f3 cuatro estrategias de compromiso en una \u00e9poca de fuerte divisi\u00f3n pol\u00edtica:<\/p>\n<ul>\n<li>Escucha primero<\/li>\n<li>Centrarse en la misi\u00f3n compartida<\/li>\n<li>Enmarcar las conversaciones b\u00edblica y teol\u00f3gicamente<\/li>\n<li>Predicar con esperanza<\/li>\n<\/ul>\n<p>\u201cCasi todas las semanas le digo a mi congregaci\u00f3n que somos las manos y los pies de Jes\u00fas, compartiendo el amor y la luz de Cristo\u201d, dijo Allen-Pickett. \u201cNuestro objetivo siempre ha sido modelar el camino de Cristo. Si puedo se\u00f1alar las letras rojas en la Biblia y he construido confianza con ellos, vendr\u00e1n a m\u00ed y tendr\u00e1n la conversaci\u00f3n.\u201d<\/p>\n<p>Para concluir, Allen-Pickett distribuy\u00f3 un folleto con una <a href=\"https:\/\/docs.google.com\/document\/d\/1-wiVpnNU6NjJUrDkubk-tK2w_fjuudhYgoXSPd3YuYU\/edit?pli=1&amp;tab=t.0\">serie de sermones sobre la administraci\u00f3n<\/a> que ha predicado. El primero, titulado \u201c\u00a1Un futuro con esperanza!\u201d toma como texto Jerem\u00edas 29:11-12: \u201cPorque yo s\u00e9 los planes que tengo para vosotros, dice el Se\u00f1or, planes de bienestar y no de mal, para daros un futuro con esperanza. Cuando me invoqu\u00e9is y veng\u00e1is a orar a m\u00ed, yo os escuchar\u00e9\u201d.\u201d<\/p>\n<p>El segundo, \u201cBuilding the Beloved Community in an Age of Polarization\u201d, se emparej\u00f3 con un libro reciente titulado <a href=\"https:\/\/redeemingbabel.org\/the-after-party\/\"><em>El partido de despu\u00e9s: Hacia una mejor pol\u00edtica cristiana<\/em><\/a> como recurso educativo.<\/p>\n<p>El \u00faltimo serm\u00f3n de la serie se titula \u201cCimientos fieles: Confiar, escuchar, alinear, construir\u201d y toma sus textos de \u00c9xodo, 1 Samuel y 1 Reyes.<\/p>\n<p>\u201cLa corresponsabilidad es m\u00e1s que recaudar fondos: construye la comunidad amada\u201d, concluy\u00f3 Allen-Pickett. \u201cCompartamos un mensaje de que la esperanza es mayor que el miedo, que la abundancia es mayor que la escasez y que la fe es mayor que la polarizaci\u00f3n. Entonces estaremos construyendo el reino en la tierra y salvando las diferencias\u201d.\u201d<\/p>\n<p>&nbsp;<\/p>\n<p>&nbsp;<\/p>\n<p>&nbsp;<\/p>\n<p>&nbsp;<\/p>","protected":false},"excerpt":{"rendered":"<p>Rev. Greg Allen-Picket opened his workshop at this year\u2019s Stewardship Kaleidoscope by asking attendees to share observations on the political climate in their own congregations. Stewardship Kaleidoscope is a conference [&hellip;]<\/p>\n","protected":false},"author":4,"featured_media":48906,"comment_status":"closed","ping_status":"closed","sticky":false,"template":"","format":"standard","meta":{"_acf_changed":false,"footnotes":""},"categories":[117],"tags":[],"class_list":["post-48905","post","type-post","status-publish","format-standard","has-post-thumbnail","hentry","category-news"],"acf":[],"aioseo_notices":[],"_links":{"self":[{"href":"https:\/\/www.presbyterianfoundation.org\/es\/wp-json\/wp\/v2\/posts\/48905","targetHints":{"allow":["GET"]}}],"collection":[{"href":"https:\/\/www.presbyterianfoundation.org\/es\/wp-json\/wp\/v2\/posts"}],"about":[{"href":"https:\/\/www.presbyterianfoundation.org\/es\/wp-json\/wp\/v2\/types\/post"}],"author":[{"embeddable":true,"href":"https:\/\/www.presbyterianfoundation.org\/es\/wp-json\/wp\/v2\/users\/4"}],"replies":[{"embeddable":true,"href":"https:\/\/www.presbyterianfoundation.org\/es\/wp-json\/wp\/v2\/comments?post=48905"}],"version-history":[{"count":0,"href":"https:\/\/www.presbyterianfoundation.org\/es\/wp-json\/wp\/v2\/posts\/48905\/revisions"}],"wp:featuredmedia":[{"embeddable":true,"href":"https:\/\/www.presbyterianfoundation.org\/es\/wp-json\/wp\/v2\/media\/48906"}],"wp:attachment":[{"href":"https:\/\/www.presbyterianfoundation.org\/es\/wp-json\/wp\/v2\/media?parent=48905"}],"wp:term":[{"taxonomy":"category","embeddable":true,"href":"https:\/\/www.presbyterianfoundation.org\/es\/wp-json\/wp\/v2\/categories?post=48905"},{"taxonomy":"post_tag","embeddable":true,"href":"https:\/\/www.presbyterianfoundation.org\/es\/wp-json\/wp\/v2\/tags?post=48905"}],"curies":[{"name":"wp","href":"https:\/\/api.w.org\/{rel}","templated":true}]}}