{"id":48780,"date":"2025-09-26T09:20:25","date_gmt":"2025-09-26T13:20:25","guid":{"rendered":"https:\/\/www.presbyterianfoundation.org\/?p=48780"},"modified":"2025-09-26T09:20:25","modified_gmt":"2025-09-26T13:20:25","slug":"influencers-del-reino-de-dios-mujeres-presbiterianas-hispanas-celebran-su-30-aniversario-en-el-encuentro","status":"publish","type":"post","link":"https:\/\/www.presbyterianfoundation.org\/es\/resources\/news\/influencers-del-reino-de-dios-mujeres-presbiterianas-hispanas-celebraran-su-30-aniversario-en-el-encuentro\/","title":{"rendered":"Influencers del Reino de Dios: Mujeres Presbiterianas Hispanas celebrar\u00e1n su 30 aniversario en el Encuentro"},"content":{"rendered":"<p>Durante tres d\u00e9cadas, las Mujeres Presbiterianas Hispanas han creado un espacio vital para la adoraci\u00f3n, el liderazgo y la comunidad dentro de la comunidad hispana\/latina. Del 10 al 12 de octubre, se reunir\u00e1n para su XI Encuentro trienal para celebrar este del 30 a\u00f1os aniversario. Con el lema 'Influencers del Reino de Dios - Somos y Hacemos,' la conferencia reunir\u00e1 a casi 170 mujeres de todo Estados Unidos y Puerto Rico. La Fundaci\u00f3n Presbiteriana es una orgullosa patrocinadora de este evento hist\u00f3rico.<\/p>\n<ul>\n<li><strong>Inscripci\u00f3n al evento:<\/strong> <a href=\"https:\/\/docs.google.com\/forms\/d\/e\/1FAIpQLScj3o_6EZcAtNcJ8HTC5JJoaY1qG7FnCreV_jMpUDzoRQ5Ucw\/viewform\">https:\/\/docs.google.com\/forms\/d\/e\/1FAIpQLScj3o_6EZcAtNcJ8HTC5JJoaY1qG7FnCreV_jMpUDzoRQ5Ucw\/viewform<\/a><\/li>\n<li><strong>M\u00e1s informaci\u00f3n<\/strong><strong>n:<\/strong> <a href=\"https:\/\/www.mhlp.info\/\">https:\/\/www.mhlp.info\/<\/a><\/li>\n<\/ul>\n<p>La Reverenda Jeniffer Rodriguez, Ministra de Diversidad, Equidad e Inclusi\u00f3n de la Fundaci\u00f3n, asistir\u00e1 en nombre de la Fundaci\u00f3n. Su papel es especialmente significativo, ya que tambi\u00e9n es la co-moderadora del equipo de coordinaci\u00f3n del evento, junto a Keren D\u00edaz.<\/p>\n<p>\"Esto es algo muy importante para nosotras. Vamos a celebrar nuestro 30 aniversario de estar juntas\", comparte Rodr\u00edguez. \"Llegar a los 30 a\u00f1os como organizaci\u00f3n tiene un gran significado. A pesar de los desaf\u00edos de nuestros tiempos - la econom\u00eda y las preocupaciones por la seguridad - las mujeres dijeron que s\u00ed a venir. En este momento, m\u00e1s que nunca, necesitamos estar presentes las unas con las otras\".<\/p>\n<p>La historia de la organizaci\u00f3n tiene sus ra\u00edces en la d\u00e9cada de 1990 para abordar los desaf\u00edos que enfrentaban las mujeres latinas para encontrar su voz dentro de la iglesia en general. \"Muchas mujeres no ten\u00edan un lugar en la mesa\", dice Rodr\u00edguez, explicando que el grupo se form\u00f3 para dar a las mujeres latinas -desde ancianas gobernantes hasta ministras ordenadas- un espacio para liderar y adorar en su propio idioma. \"Esa es la importancia de esto\".<\/p>\n<p>El tema de este a\u00f1o, \"Somos y Hacemos\", conecta esa identidad en la fe con la acci\u00f3n transformadora. La oradora principal es la Rev. Agustina Luvis N\u00fa\u00f1ez, Decana del Seminario Evang\u00e9lico de Puerto Rico, elegida por su poderosa voz en temas de justicia. La predicadora del evento ser\u00e1 la Rev. Carmen Rosario-Riviere, una dedicada colaboradora desde los inicios de la organizaci\u00f3n.<\/p>\n<p>La conferencia est\u00e1 dise\u00f1ada para ser intencionalmente inclusiva. Los talleres cubrir\u00e1n temas que van desde pr\u00e1cticas seguras de liderazgo en la iglesia hasta el uso consciente de las redes sociales para j\u00f3venes. Para apoyar a todas las asistentes, la conferencia ofrecer\u00e1 sesiones en espa\u00f1ol, ingl\u00e9s y portugu\u00e9s.<\/p>\n<p>Fieles a su lema, las asistentes no s\u00f3lo aprender\u00e1n, sino que tambi\u00e9n actuar\u00e1n. Poniendo en pr\u00e1ctica su lema, las asistentes apoyar\u00e1n al ministerio local Bendiciones en mochilas. Recolectar\u00e1n tarjetas de regalo y dedicar\u00e1n la ofrenda del culto de clausura a la misi\u00f3n del ministerio de alimentar a la comunidad.<\/p>\n<p>La Fundaci\u00f3n Presbiteriana patrocinar\u00e1 la cena de apertura, mientras que la Agencia Presbiteriana de Desastres (PDA, por sus siglas en ingl\u00e9s) patrocinar\u00e1 una cena de celebraci\u00f3n el s\u00e1bado. Para Rodr\u00edguez, este apoyo es una afirmaci\u00f3n significativa de la trayectoria del grupo.<\/p>\n<p>\"Esto es algo muy importante para nosotras, como mujeres, como latinas\", dice ella. \"Por la gracia de Dios, tendremos alrededor de 170 mujeres que vendr\u00e1n. Estamos muy bendecidas y vamos a tener una experiencia maravillosa juntas.\"<\/p>","protected":false},"excerpt":{"rendered":"<p>Durante tres d\u00e9cadas, las Mujeres Presbiterianas Hispanas han creado un espacio vital para la adoraci\u00f3n, el liderazgo y la comunidad dentro de la comunidad hispana\/latina. Del 10 al 12 de [&hellip;]<\/p>\n","protected":false},"author":4,"featured_media":48781,"comment_status":"closed","ping_status":"closed","sticky":false,"template":"","format":"standard","meta":{"_acf_changed":false,"footnotes":""},"categories":[117],"tags":[],"class_list":["post-48780","post","type-post","status-publish","format-standard","has-post-thumbnail","hentry","category-news"],"acf":[],"aioseo_notices":[],"_links":{"self":[{"href":"https:\/\/www.presbyterianfoundation.org\/es\/wp-json\/wp\/v2\/posts\/48780","targetHints":{"allow":["GET"]}}],"collection":[{"href":"https:\/\/www.presbyterianfoundation.org\/es\/wp-json\/wp\/v2\/posts"}],"about":[{"href":"https:\/\/www.presbyterianfoundation.org\/es\/wp-json\/wp\/v2\/types\/post"}],"author":[{"embeddable":true,"href":"https:\/\/www.presbyterianfoundation.org\/es\/wp-json\/wp\/v2\/users\/4"}],"replies":[{"embeddable":true,"href":"https:\/\/www.presbyterianfoundation.org\/es\/wp-json\/wp\/v2\/comments?post=48780"}],"version-history":[{"count":0,"href":"https:\/\/www.presbyterianfoundation.org\/es\/wp-json\/wp\/v2\/posts\/48780\/revisions"}],"wp:featuredmedia":[{"embeddable":true,"href":"https:\/\/www.presbyterianfoundation.org\/es\/wp-json\/wp\/v2\/media\/48781"}],"wp:attachment":[{"href":"https:\/\/www.presbyterianfoundation.org\/es\/wp-json\/wp\/v2\/media?parent=48780"}],"wp:term":[{"taxonomy":"category","embeddable":true,"href":"https:\/\/www.presbyterianfoundation.org\/es\/wp-json\/wp\/v2\/categories?post=48780"},{"taxonomy":"post_tag","embeddable":true,"href":"https:\/\/www.presbyterianfoundation.org\/es\/wp-json\/wp\/v2\/tags?post=48780"}],"curies":[{"name":"wp","href":"https:\/\/api.w.org\/{rel}","templated":true}]}}